{"id":6885,"date":"2024-11-27T23:45:49","date_gmt":"2024-11-27T23:45:49","guid":{"rendered":"https:\/\/siteinmobiliaria.com\/?p=6885"},"modified":"2024-11-28T00:12:34","modified_gmt":"2024-11-28T00:12:34","slug":"los-proyectos-de-uso-mixto-el-futuro-del-urbanismo-en-queretaro","status":"publish","type":"post","link":"https:\/\/siteinmobiliaria.com\/en\/blog\/los-proyectos-de-uso-mixto-el-futuro-del-urbanismo-en-queretaro\/","title":{"rendered":"Los Proyectos de Uso Mixto: El Futuro del Urbanismo en Quer\u00e9taro"},"content":{"rendered":"<div data-elementor-type=\"wp-post\" data-elementor-id=\"6885\" class=\"elementor elementor-6885\" data-elementor-settings=\"[]\">\n\t\t\t\t\t\t<div class=\"elementor-inner\">\n\t\t\t\t\t\t\t<div class=\"elementor-section-wrap\">\n\t\t\t\t\t\t\t<section class=\"elementor-section elementor-top-section elementor-element elementor-element-46aba838 elementor-section-boxed elementor-section-height-default elementor-section-height-default\" data-id=\"46aba838\" data-element_type=\"section\">\n\t\t\t\t\t\t<div class=\"elementor-container elementor-column-gap-default\">\n\t\t\t\t\t\t\t<div class=\"elementor-row\">\n\t\t\t\t\t<div class=\"elementor-column elementor-col-100 elementor-top-column elementor-element elementor-element-35ba0edc\" data-id=\"35ba0edc\" data-element_type=\"column\">\n\t\t\t<div class=\"elementor-column-wrap elementor-element-populated\">\n\t\t\t\t\t\t\t<div class=\"elementor-widget-wrap\">\n\t\t\t\t\t\t<div class=\"elementor-element elementor-element-4a36903a elementor-widget elementor-widget-text-editor\" data-id=\"4a36903a\" data-element_type=\"widget\" data-widget_type=\"text-editor.default\">\n\t\t\t\t<div class=\"elementor-widget-container\">\n\t\t\t        <div class=\"elementor-text-editor elementor-clearfix\"><p><!-- wp:paragraph --><\/p>\n<p>En el contexto del r\u00e1pido crecimiento urbano que experimenta Quer\u00e9taro, los proyectos de uso mixto se est\u00e1n consolidando como una de las soluciones m\u00e1s innovadoras y sostenibles para el desarrollo de la ciudad. Estos proyectos no solo responden a las necesidades de la poblaci\u00f3n, sino que tambi\u00e9n transforman el paisaje urbano, creando espacios multifuncionales que mejoran la calidad de vida y promueven una interacci\u00f3n social m\u00e1s rica.<\/p>\n<p><!-- \/wp:paragraph --><!-- wp:group --><\/p>\n<div class=\"wp-block-group\">\n<div class=\"wp-block-group__inner-container\"><p><!-- wp:image {\"id\":6887,\"sizeSlug\":\"large\",\"linkDestination\":\"none\"} --><\/p>\n<figure class=\"wp-block-image size-large\"><img width=\"1024\" height=\"560\" class=\"wp-image-6887\" src=\"https:\/\/siteinmobiliaria.com\/wp-content\/uploads\/2024\/11\/26-1024x560.jpg\" alt=\"\" srcset=\"https:\/\/siteinmobiliaria.com\/wp-content\/uploads\/2024\/11\/26-1024x560.jpg 1024w, https:\/\/siteinmobiliaria.com\/wp-content\/uploads\/2024\/11\/26-300x164.jpg 300w, https:\/\/siteinmobiliaria.com\/wp-content\/uploads\/2024\/11\/26-768x420.jpg 768w, https:\/\/siteinmobiliaria.com\/wp-content\/uploads\/2024\/11\/26-1536x840.jpg 1536w, https:\/\/siteinmobiliaria.com\/wp-content\/uploads\/2024\/11\/26-2048x1120.jpg 2048w, https:\/\/siteinmobiliaria.com\/wp-content\/uploads\/2024\/11\/26-18x10.jpg 18w, https:\/\/siteinmobiliaria.com\/wp-content\/uploads\/2024\/11\/26-700x383.jpg 700w\" sizes=\"(max-width: 1024px) 100vw, 1024px\" \/><\/figure>\n<p><!-- \/wp:image --><\/p><\/div>\n<\/div>\n<p><!-- \/wp:group --><!-- wp:paragraph --><\/p>\n<h3><b style=\"\">1. <\/b>Integraci\u00f3n de Programas Residenciales, Comerciales y Culturales<\/h3>\n<p><!-- \/wp:paragraph --><!-- wp:paragraph --><\/p>\n<p>Los proyectos de uso mixto combinan diferentes funciones en un solo espacio, integrando zonas residenciales, comerciales y culturales. Esto permite a los habitantes disfrutar de la comodidad de vivir, trabajar y recrearse en el mismo lugar, reduciendo tiempos de traslado y promoviendo una vida m\u00e1s equilibrada y conveniente. En Quer\u00e9taro, zonas como Centro Sur est\u00e1n comenzando a ser los puntos neur\u00e1lgicos para este tipo de desarrollo.<\/p>\n<p><!-- \/wp:paragraph --><!-- wp:paragraph --><\/p>\n<h3><strong>2<\/strong>. Fomento de la Interacci\u00f3n Social<\/h3>\n<p><!-- \/wp:paragraph --><!-- wp:paragraph --><\/p>\n<p>La proximidad entre diversas actividades y servicios facilita la interacci\u00f3n entre los habitantes. Al tener en un solo espacio \u00e1reas comerciales, recreativas y residenciales, las personas pueden relacionarse de manera m\u00e1s natural, lo que fortalece el sentido de comunidad y mejora la calidad de vida. Esto es especialmente relevante en \u00e1reas de crecimiento como el centro hist\u00f3rico y las zonas cercanas a los nuevos desarrollos urbanos.<\/p>\n<p><!-- \/wp:paragraph --><!-- wp:paragraph --><\/p>\n<h3><strong>3<\/strong>. Creaci\u00f3n de Comunidades Vibrantes y Multifuncionales<\/h3>\n<p><!-- \/wp:paragraph --><!-- wp:paragraph --><\/p>\n<p>Los proyectos de uso mixto no solo son una tendencia, sino una necesidad en ciudades que buscan adaptarse a un futuro m\u00e1s inclusivo y sostenible. Estas comunidades urbanas multifuncionales generan un entorno din\u00e1mico, donde conviven distintos perfiles de habitantes y actividades. En Quer\u00e9taro, el crecimiento constante de la zona de Centro Sur est\u00e1 demostrando el potencial de estos desarrollos para convertirse en centros urbanos completos y multifac\u00e9ticos.<\/p>\n<p><!-- \/wp:paragraph --><!-- wp:image {\"id\":6886,\"sizeSlug\":\"large\",\"linkDestination\":\"none\"} --><\/p>\n<figure class=\"wp-block-image size-large\"><img width=\"1024\" height=\"575\" class=\"wp-image-6886\" src=\"https:\/\/siteinmobiliaria.com\/wp-content\/uploads\/2024\/11\/pexels-vividcafe-681397-1024x575.jpg\" alt=\"\" srcset=\"https:\/\/siteinmobiliaria.com\/wp-content\/uploads\/2024\/11\/pexels-vividcafe-681397-1024x575.jpg 1024w, https:\/\/siteinmobiliaria.com\/wp-content\/uploads\/2024\/11\/pexels-vividcafe-681397-300x169.jpg 300w, https:\/\/siteinmobiliaria.com\/wp-content\/uploads\/2024\/11\/pexels-vividcafe-681397-768x431.jpg 768w, https:\/\/siteinmobiliaria.com\/wp-content\/uploads\/2024\/11\/pexels-vividcafe-681397-1536x863.jpg 1536w, https:\/\/siteinmobiliaria.com\/wp-content\/uploads\/2024\/11\/pexels-vividcafe-681397-2048x1151.jpg 2048w, https:\/\/siteinmobiliaria.com\/wp-content\/uploads\/2024\/11\/pexels-vividcafe-681397-18x10.jpg 18w, https:\/\/siteinmobiliaria.com\/wp-content\/uploads\/2024\/11\/pexels-vividcafe-681397-700x393.jpg 700w\" sizes=\"(max-width: 1024px) 100vw, 1024px\" \/><\/figure>\n<p><!-- \/wp:image --><!-- wp:paragraph --><\/p>\n<h3>4. Espacio P\u00fablico de Calidad<\/h3>\n<p><!-- \/wp:paragraph --><!-- wp:paragraph --><\/p>\n<p>El urbanismo contempor\u00e1neo valora el espacio p\u00fablico como un factor clave en la creaci\u00f3n de entornos urbanos atractivos. Los proyectos de uso mixto no solo ofrecen edificios funcionales, sino que tambi\u00e9n incluyen plazas, parques y zonas peatonales que mejoran la accesibilidad y fomentan la convivencia. Estos espacios, bien dise\u00f1ados, permiten a los habitantes disfrutar de su entorno de manera m\u00e1s integrada y placentera, contribuyendo a la creaci\u00f3n de una ciudad m\u00e1s humana.<\/p>\n<p><!-- \/wp:paragraph --><!-- wp:paragraph --><\/p>\n<p>Quer\u00e9taro, con su creciente demanda de infraestructura moderna y accesible, est\u00e1 posicion\u00e1ndose como una ciudad ideal para este tipo de desarrollos.<\/p>\n<p><!-- \/wp:paragraph --><!-- wp:image {\"id\":6888,\"sizeSlug\":\"large\",\"linkDestination\":\"none\"} --><\/p>\n<figure class=\"wp-block-image size-large\"><img width=\"1024\" height=\"563\" class=\"wp-image-6888\" src=\"https:\/\/siteinmobiliaria.com\/wp-content\/uploads\/2024\/11\/21-1024x563.jpg\" alt=\"\" srcset=\"https:\/\/siteinmobiliaria.com\/wp-content\/uploads\/2024\/11\/21-1024x563.jpg 1024w, https:\/\/siteinmobiliaria.com\/wp-content\/uploads\/2024\/11\/21-300x165.jpg 300w, https:\/\/siteinmobiliaria.com\/wp-content\/uploads\/2024\/11\/21-768x422.jpg 768w, https:\/\/siteinmobiliaria.com\/wp-content\/uploads\/2024\/11\/21-1536x844.jpg 1536w, https:\/\/siteinmobiliaria.com\/wp-content\/uploads\/2024\/11\/21-2048x1126.jpg 2048w, https:\/\/siteinmobiliaria.com\/wp-content\/uploads\/2024\/11\/21-18x10.jpg 18w, https:\/\/siteinmobiliaria.com\/wp-content\/uploads\/2024\/11\/21-700x385.jpg 700w\" sizes=\"(max-width: 1024px) 100vw, 1024px\" \/><\/figure>\n<p><!-- \/wp:image --><!-- wp:paragraph --><\/p>\n<p><em><strong><a href=\"https:\/\/siteinmobiliaria.com\/en\/blog\/proyectos-que-impactan-como-centro-sur-contribuye-al-crecimiento-urbano\/\" target=\"_blank\" rel=\"noreferrer noopener\" data-type=\"URL\" data-id=\"https:\/\/siteinmobiliaria.com\/blog\/proyectos-que-impactan-como-centro-sur-contribuye-al-crecimiento-urbano\/\">CUADRANTE Centro Sur<\/a> <\/strong><\/em>representa una oportunidad \u00fanica para quienes buscan invertir en un desarrollo que est\u00e9 a la vanguardia del urbanismo. Con su infraestructura de primer nivel, su enfoque en la integraci\u00f3n de usos diversos y su ubicaci\u00f3n en una de las zonas de mayor crecimiento es el lugar perfecto para proyectos que redefinir\u00e1n el futuro de Quer\u00e9taro.<\/p>\n<p><!-- \/wp:paragraph --><\/p><\/div>\n        \t\t<\/div>\n\t\t\t\t<\/div>\n\t\t\t\t\t\t<\/div>\n\t\t\t\t\t<\/div>\n\t\t<\/div>\n\t\t\t\t\t\t\t\t<\/div>\n\t\t\t\t\t<\/div>\n\t\t<\/section>\n\t\t\t\t\t\t<\/div>\n\t\t\t\t\t\t<\/div>\n\t\t\t\t\t<\/div>","protected":false},"excerpt":{"rendered":"<p>En el contexto del r\u00e1pido crecimiento urbano que experimenta Quer\u00e9taro, los proyectos de uso mixto se est\u00e1n consolidando como una de las soluciones m\u00e1s innovadoras y sostenibles para el desarrollo de la ciudad. Estos proyectos no solo responden a las necesidades de la poblaci\u00f3n, sino que tambi\u00e9n transforman el paisaje urbano, creando espacios multifuncionales que &hellip; <\/p>\n<p class=\"link-more\"><a href=\"https:\/\/siteinmobiliaria.com\/en\/blog\/los-proyectos-de-uso-mixto-el-futuro-del-urbanismo-en-queretaro\/\" class=\"more-link\">Read More <span class=\"screen-reader-text\"> &#8220;Los Proyectos de Uso Mixto: El Futuro del Urbanismo en Quer\u00e9taro&#8221;<\/span><\/a><\/p>","protected":false},"author":1,"featured_media":0,"comment_status":"closed","ping_status":"closed","sticky":false,"template":"","format":"standard","meta":{"inline_featured_image":false},"categories":[98],"tags":[],"_links":{"self":[{"href":"https:\/\/siteinmobiliaria.com\/en\/wp-json\/wp\/v2\/posts\/6885"}],"collection":[{"href":"https:\/\/siteinmobiliaria.com\/en\/wp-json\/wp\/v2\/posts"}],"about":[{"href":"https:\/\/siteinmobiliaria.com\/en\/wp-json\/wp\/v2\/types\/post"}],"author":[{"embeddable":true,"href":"https:\/\/siteinmobiliaria.com\/en\/wp-json\/wp\/v2\/users\/1"}],"replies":[{"embeddable":true,"href":"https:\/\/siteinmobiliaria.com\/en\/wp-json\/wp\/v2\/comments?post=6885"}],"version-history":[{"count":5,"href":"https:\/\/siteinmobiliaria.com\/en\/wp-json\/wp\/v2\/posts\/6885\/revisions"}],"predecessor-version":[{"id":6895,"href":"https:\/\/siteinmobiliaria.com\/en\/wp-json\/wp\/v2\/posts\/6885\/revisions\/6895"}],"wp:attachment":[{"href":"https:\/\/siteinmobiliaria.com\/en\/wp-json\/wp\/v2\/media?parent=6885"}],"wp:term":[{"taxonomy":"category","embeddable":true,"href":"https:\/\/siteinmobiliaria.com\/en\/wp-json\/wp\/v2\/categories?post=6885"},{"taxonomy":"post_tag","embeddable":true,"href":"https:\/\/siteinmobiliaria.com\/en\/wp-json\/wp\/v2\/tags?post=6885"}],"curies":[{"name":"wp","href":"https:\/\/api.w.org\/{rel}","templated":true}]}}